{"id":1,"date":"2021-08-27T13:00:00","date_gmt":"2021-08-27T13:00:00","guid":{"rendered":"https:\/\/desarro.io\/?p=1"},"modified":"2023-10-01T16:41:32","modified_gmt":"2023-10-01T16:41:32","slug":"datos-demograficos-presidentes-consejo-ministros","status":"publish","type":"post","link":"https:\/\/desarro.io\/en\/2021\/08\/27\/datos-demograficos-presidentes-consejo-ministros\/","title":{"rendered":"Demographic Data of Prime Ministers of Peru"},"content":{"rendered":"<div class=\"has-text-align-right wp-block-post-date\"><time datetime=\"2021-08-27T13:00:00+00:00\">August 27, 2021<\/time><\/div>\n\n\n<p class=\"translation-block\">In light of the vote of confidence for the cabinet led by <a href=\"https:\/\/twitter.com\/GuidoPuka\" target=\"_self\">@guidopuka<\/a>, we conducted an analysis of the time in office, gender, place of birth, and age at the swearing-in of the prime ministers in the last 20 years.<\/p>\n\n\n\n<figure class=\"wp-block-image size-full\"><img fetchpriority=\"high\" decoding=\"async\" width=\"906\" height=\"506\" src=\"https:\/\/desarro.io\/wp-content\/uploads\/2023\/09\/image-8.png\" alt=\"\" class=\"wp-image-3088\" srcset=\"https:\/\/desarro.io\/wp-content\/uploads\/2023\/09\/image-8.png 906w, https:\/\/desarro.io\/wp-content\/uploads\/2023\/09\/image-8-300x168.png 300w, https:\/\/desarro.io\/wp-content\/uploads\/2023\/09\/image-8-768x429.png 768w, https:\/\/desarro.io\/wp-content\/uploads\/2023\/09\/image-8-18x10.png 18w\" sizes=\"(max-width: 906px) 100vw, 906px\" \/><\/figure>\n\n\n\n<p class=\"translation-block\">The recent presidents have appointed at least one woman as prime minister, except for <a href=\"https:\/\/twitter.com\/MartinVizcarraC\" target=\"_self\">@MartinVizcarraC<\/a>, Merino, and <a href=\"https:\/\/twitter.com\/PedroCastilloTe\" target=\"_self\">@PedroCastilloTe<\/a>. The first female prime ministers stayed in office for an average of 7 months, compared to 10 months for men.<\/p>\n\n\n\n<figure class=\"wp-block-image size-full\"><img decoding=\"async\" width=\"983\" height=\"506\" src=\"https:\/\/desarro.io\/wp-content\/uploads\/2023\/09\/image-9.png\" alt=\"\" class=\"wp-image-3089\" srcset=\"https:\/\/desarro.io\/wp-content\/uploads\/2023\/09\/image-9.png 983w, https:\/\/desarro.io\/wp-content\/uploads\/2023\/09\/image-9-300x154.png 300w, https:\/\/desarro.io\/wp-content\/uploads\/2023\/09\/image-9-768x395.png 768w, https:\/\/desarro.io\/wp-content\/uploads\/2023\/09\/image-9-18x9.png 18w\" sizes=\"(max-width: 983px) 100vw, 983px\" \/><\/figure>\n\n\n\n<p class=\"translation-block\"><a href=\"https:\/\/twitter.com\/GuidoPuka\" target=\"_self\">@GuidoPuka<\/a> is the youngest prime minister at the time of swearing-in (41), at least in the last 20 years. Before him, the youngest were Fernando Zavala (45) and <a href=\"https:\/\/twitter.com\/anajarav\" target=\"_self\">@anajarav<\/a> (46).<\/p>\n\n\n\n<p>Lima is the birthplace of 16 of the last 25 prime ministers. Tacna follows with 3. \u00d3scar Vald\u00e9s, Fernando Zavala, and Vicente Zeballos hail from this department. Between 2001 and 2011, Javier Vel\u00e1squez Quesqu\u00e9n was the only one born outside of Lima.<\/p>\n\n\n\n<p class=\"translation-block\">Thank you for reading this far! This thread is the result of an analysis conducted by <a href=\"https:\/\/twitter.com\/ioannagallo\" target=\"_self\">@ioannagallo<\/a> and <a href=\"https:\/\/twitter.com\/luiseee89\" target=\"_self\">@luiseee89<\/a>.<\/p>\n\n\n\n<p><\/p>","protected":false},"excerpt":{"rendered":"<p>desarro.io is an interdisciplinary public policy lab developing data-science-based solutions to improve social problems.<\/p>","protected":false},"author":3,"featured_media":3218,"comment_status":"closed","ping_status":"closed","sticky":false,"template":"","format":"standard","meta":{"site-sidebar-layout":"right-sidebar","site-content-layout":"default","ast-site-content-layout":"default","site-content-style":"default","site-sidebar-style":"default","ast-global-header-display":"","ast-banner-title-visibility":"","ast-main-header-display":"","ast-hfb-above-header-display":"","ast-hfb-below-header-display":"","ast-hfb-mobile-header-display":"","site-post-title":"","ast-breadcrumbs-content":"","ast-featured-img":"","footer-sml-layout":"","theme-transparent-header-meta":"default","adv-header-id-meta":"","stick-header-meta":"","header-above-stick-meta":"","header-main-stick-meta":"","header-below-stick-meta":"","astra-migrate-meta-layouts":"set","footnotes":""},"categories":[33],"tags":[],"class_list":["post-1","post","type-post","status-publish","format-standard","has-post-thumbnail","hentry","category-visualizacion-de-datos"],"_links":{"self":[{"href":"https:\/\/desarro.io\/en\/wp-json\/wp\/v2\/posts\/1","targetHints":{"allow":["GET"]}}],"collection":[{"href":"https:\/\/desarro.io\/en\/wp-json\/wp\/v2\/posts"}],"about":[{"href":"https:\/\/desarro.io\/en\/wp-json\/wp\/v2\/types\/post"}],"author":[{"embeddable":true,"href":"https:\/\/desarro.io\/en\/wp-json\/wp\/v2\/users\/3"}],"replies":[{"embeddable":true,"href":"https:\/\/desarro.io\/en\/wp-json\/wp\/v2\/comments?post=1"}],"version-history":[{"count":3,"href":"https:\/\/desarro.io\/en\/wp-json\/wp\/v2\/posts\/1\/revisions"}],"predecessor-version":[{"id":3091,"href":"https:\/\/desarro.io\/en\/wp-json\/wp\/v2\/posts\/1\/revisions\/3091"}],"wp:featuredmedia":[{"embeddable":true,"href":"https:\/\/desarro.io\/en\/wp-json\/wp\/v2\/media\/3218"}],"wp:attachment":[{"href":"https:\/\/desarro.io\/en\/wp-json\/wp\/v2\/media?parent=1"}],"wp:term":[{"taxonomy":"category","embeddable":true,"href":"https:\/\/desarro.io\/en\/wp-json\/wp\/v2\/categories?post=1"},{"taxonomy":"post_tag","embeddable":true,"href":"https:\/\/desarro.io\/en\/wp-json\/wp\/v2\/tags?post=1"}],"curies":[{"name":"wp","href":"https:\/\/api.w.org\/{rel}","templated":true}]}}